{"id":7567,"date":"2021-11-20T17:56:05","date_gmt":"2021-11-20T17:56:05","guid":{"rendered":"http:\/\/whyfestival.com\/libri-con-figure-book-presentation-of-andrea-rauch\/"},"modified":"2021-11-20T17:57:16","modified_gmt":"2021-11-20T17:57:16","slug":"libri-con-figure-book-presentation-of-andrea-rauch","status":"publish","type":"post","link":"https:\/\/whyfestival.com\/it\/libri-con-figure-book-presentation-of-andrea-rauch\/","title":{"rendered":"Presentazione del libro &#8220;Libri con figure&#8221; con Andrea Rauch"},"content":{"rendered":"[vc_row type=&#8221;in_container&#8221; full_screen_row_position=&#8221;middle&#8221; column_margin=&#8221;default&#8221; column_direction=&#8221;default&#8221; column_direction_tablet=&#8221;default&#8221; column_direction_phone=&#8221;default&#8221; scene_position=&#8221;center&#8221; text_color=&#8221;dark&#8221; text_align=&#8221;left&#8221; row_border_radius=&#8221;none&#8221; row_border_radius_applies=&#8221;bg&#8221; overlay_strength=&#8221;0.3&#8243; gradient_direction=&#8221;left_to_right&#8221; shape_divider_position=&#8221;bottom&#8221; bg_image_animation=&#8221;none&#8221;][vc_column column_padding=&#8221;no-extra-padding&#8221; column_padding_tablet=&#8221;inherit&#8221; column_padding_phone=&#8221;inherit&#8221; column_padding_position=&#8221;all&#8221; column_element_spacing=&#8221;default&#8221; background_color_opacity=&#8221;1&#8243; background_hover_color_opacity=&#8221;1&#8243; column_shadow=&#8221;none&#8221; column_border_radius=&#8221;none&#8221; column_link_target=&#8221;_self&#8221; gradient_direction=&#8221;left_to_right&#8221; overlay_strength=&#8221;0.3&#8243; width=&#8221;2\/3&#8243; tablet_width_inherit=&#8221;default&#8221; tablet_text_alignment=&#8221;default&#8221; phone_text_alignment=&#8221;default&#8221; bg_image_animation=&#8221;none&#8221; border_type=&#8221;simple&#8221; column_border_width=&#8221;none&#8221; column_border_style=&#8221;solid&#8221;][vc_column_text]Andrea Rauch ha disegnato manifesti, progettato mostre e illustrato libri. Ha disegnato grafica per istituzioni quali la Biennale di Venezia, il Centre Georges Pompidou, l&#8217;Unione dei Teatri d&#8217;Europa, Greenpeace e Unicef. Cofondatore dello studio di progettazioni visive Graphiti (Firenze, 1983-1993), tra il 1975 e il 1989 ha partecipato, insieme al socio Stefano Rovai, al movimento Grafica di pubblica utilit\u00e0. Nella sua carriera professionale Rauch ha disegnato pi\u00f9 di 700 manifesti che fanno parte delle collezioni del MoMA di New York, del Mus\u00e9e de la Publicit\u00e9 di Parigi e del Museum f\u00fcr Gestaltung di Zurigo.Ha insegnato Grafica presso il Corso di Laurea in Scienze della Comunicazione dell&#8217;Universit\u00e0 di Siena e Storia della Grafica all&#8217;Istituto Europeo di Design di Firenze.[\/vc_column_text][\/vc_column][vc_column column_padding=&#8221;no-extra-padding&#8221; column_padding_tablet=&#8221;inherit&#8221; column_padding_phone=&#8221;inherit&#8221; column_padding_position=&#8221;all&#8221; column_element_spacing=&#8221;default&#8221; background_color_opacity=&#8221;1&#8243; background_hover_color_opacity=&#8221;1&#8243; column_shadow=&#8221;none&#8221; column_border_radius=&#8221;none&#8221; column_link_target=&#8221;_self&#8221; gradient_direction=&#8221;left_to_right&#8221; overlay_strength=&#8221;0.3&#8243; width=&#8221;1\/3&#8243; tablet_width_inherit=&#8221;default&#8221; tablet_text_alignment=&#8221;default&#8221; phone_text_alignment=&#8221;default&#8221; bg_image_animation=&#8221;none&#8221; border_type=&#8221;simple&#8221; column_border_width=&#8221;none&#8221; column_border_style=&#8221;solid&#8221;][vc_custom_heading text=&#8221;Domenica 28 Novembre 18:10-18:40&#8243; font_container=&#8221;tag:h2|text_align:left|color:%232dc8e1&#8243; use_theme_fonts=&#8221;yes&#8221;][\/vc_column][\/vc_row]\n","protected":false},"excerpt":{"rendered":"<p>[vc_row type=&#8221;in_container&#8221; full_screen_row_position=&#8221;middle&#8221; column_margin=&#8221;default&#8221; column_direction=&#8221;default&#8221; column_direction_tablet=&#8221;default&#8221; column_direction_phone=&#8221;default&#8221; scene_position=&#8221;center&#8221; text_color=&#8221;dark&#8221; text_align=&#8221;left&#8221; row_border_radius=&#8221;none&#8221; row_border_radius_applies=&#8221;bg&#8221; overlay_strength=&#8221;0.3&#8243; gradient_direction=&#8221;left_to_right&#8221; shape_divider_position=&#8221;bottom&#8221; bg_image_animation=&#8221;none&#8221;][vc_column column_padding=&#8221;no-extra-padding&#8221; column_padding_tablet=&#8221;inherit&#8221; column_padding_phone=&#8221;inherit&#8221; column_padding_position=&#8221;all&#8221; column_element_spacing=&#8221;default&#8221; background_color_opacity=&#8221;1&#8243; background_hover_color_opacity=&#8221;1&#8243; column_shadow=&#8221;none&#8221; column_border_radius=&#8221;none&#8221; column_link_target=&#8221;_self&#8221; gradient_direction=&#8221;left_to_right&#8221; overlay_strength=&#8221;0.3&#8243; width=&#8221;2\/3&#8243; tablet_width_inherit=&#8221;default&#8221;&#8230;<\/p>\n","protected":false},"author":3,"featured_media":7565,"comment_status":"closed","ping_status":"closed","sticky":false,"template":"","format":"standard","meta":{"nf_dc_page":"","footnotes":""},"categories":[81],"tags":[],"class_list":{"0":"post-7567","1":"post","2":"type-post","3":"status-publish","4":"format-standard","5":"has-post-thumbnail","7":"category-talk-2021-it"},"jetpack_featured_media_url":"https:\/\/whyfestival.com\/wp-content\/uploads\/2021\/11\/OaCDwSPg.jpeg","_links":{"self":[{"href":"https:\/\/whyfestival.com\/it\/wp-json\/wp\/v2\/posts\/7567","targetHints":{"allow":["GET"]}}],"collection":[{"href":"https:\/\/whyfestival.com\/it\/wp-json\/wp\/v2\/posts"}],"about":[{"href":"https:\/\/whyfestival.com\/it\/wp-json\/wp\/v2\/types\/post"}],"author":[{"embeddable":true,"href":"https:\/\/whyfestival.com\/it\/wp-json\/wp\/v2\/users\/3"}],"replies":[{"embeddable":true,"href":"https:\/\/whyfestival.com\/it\/wp-json\/wp\/v2\/comments?post=7567"}],"version-history":[{"count":3,"href":"https:\/\/whyfestival.com\/it\/wp-json\/wp\/v2\/posts\/7567\/revisions"}],"predecessor-version":[{"id":7570,"href":"https:\/\/whyfestival.com\/it\/wp-json\/wp\/v2\/posts\/7567\/revisions\/7570"}],"wp:featuredmedia":[{"embeddable":true,"href":"https:\/\/whyfestival.com\/it\/wp-json\/wp\/v2\/media\/7565"}],"wp:attachment":[{"href":"https:\/\/whyfestival.com\/it\/wp-json\/wp\/v2\/media?parent=7567"}],"wp:term":[{"taxonomy":"category","embeddable":true,"href":"https:\/\/whyfestival.com\/it\/wp-json\/wp\/v2\/categories?post=7567"},{"taxonomy":"post_tag","embeddable":true,"href":"https:\/\/whyfestival.com\/it\/wp-json\/wp\/v2\/tags?post=7567"}],"curies":[{"name":"wp","href":"https:\/\/api.w.org\/{rel}","templated":true}]}}