{"id":6748,"date":"2019-11-03T19:12:07","date_gmt":"2019-11-03T19:12:07","guid":{"rendered":"http:\/\/whyfestival.com\/?p=6748"},"modified":"2019-11-03T19:12:33","modified_gmt":"2019-11-03T19:12:33","slug":"il-racconto-dellillustrazione","status":"publish","type":"post","link":"https:\/\/whyfestival.com\/it\/il-racconto-dellillustrazione\/","title":{"rendered":"Presentazione del libro \u201cIl Racconto dell\u2019Illustrazione\u201d di Andrea Rauch"},"content":{"rendered":"[vc_row type=&#8221;in_container&#8221; full_screen_row_position=&#8221;middle&#8221; column_margin=&#8221;default&#8221; scene_position=&#8221;center&#8221; text_color=&#8221;dark&#8221; text_align=&#8221;left&#8221; overlay_strength=&#8221;0.3&#8243; shape_divider_position=&#8221;bottom&#8221; bg_image_animation=&#8221;none&#8221;][vc_column column_padding=&#8221;no-extra-padding&#8221; column_padding_position=&#8221;all&#8221; background_color_opacity=&#8221;1&#8243; background_hover_color_opacity=&#8221;1&#8243; column_link_target=&#8221;_self&#8221; column_shadow=&#8221;none&#8221; column_border_radius=&#8221;none&#8221; width=&#8221;2\/3&#8243; tablet_width_inherit=&#8221;default&#8221; tablet_text_alignment=&#8221;default&#8221; phone_text_alignment=&#8221;default&#8221; overlay_strength=&#8221;0.3&#8243; column_border_width=&#8221;none&#8221; column_border_style=&#8221;solid&#8221; bg_image_animation=&#8221;none&#8221;][vc_custom_heading text=&#8221;Il Racconto dell\u2019Illustrazione&#8221; font_container=&#8221;tag:h2|text_align:left|color:%23f572a8&#8243; use_theme_fonts=&#8221;yes&#8221; css=&#8221;.vc_custom_1572808241415{margin-bottom: 30px !important;}&#8221;][vc_column_text]<span style=\"color: #1c1e21; font-family: system-ui, -apple-system, system-ui, .SFNSText-Regular, sans-serif;\">Andrea Rauch presenta il suo ultimo libro IL RACCONTO DELL\u2019ILLUSTRAZIONE, <\/span><span style=\"color: #1c1e21; font-family: inherit;\">grandi illustratori e personaggi dell<\/span><span style=\"color: #1c1e21; font-family: system-ui, -apple-system, system-ui, .SFNSText-Regular, sans-serif;\">\u2019<\/span><span style=\"color: #1c1e21; font-family: inherit;\">immaginario\u00a0<\/span>tra la met\u00e0 dell&#8217;Ottocento e la fine del Novecento.\u00a0<span style=\"color: #1c1e21; font-family: system-ui, -apple-system, system-ui, .SFNSText-Regular, sans-serif;\">&#8220;Il racconto dell&#8217;illustrazione&#8221;, appena uscito per i tipi di La casa Usher, va a frugare negli scaffali dei bambini tra la met\u00e0 dell\u2019ottocento e la fine del novecento, quando l\u2019attenzione degli scrittori, dei pedagoghi e degli illustratori si era posata decisamente sulla prima infanzia. Di quel mondo si raccontano i personaggi e gli interpreti pi\u00f9 importanti (da Wilhelm Busch a Collodi e Chiostri, da Lewis Carroll a Gustave Dor\u00e9, da Antoine de Saint Exupery a Tomi Ungerer e Maurice Sendak\u2026).\u00a0<\/span>[\/vc_column_text][\/vc_column][vc_column column_padding=&#8221;no-extra-padding&#8221; column_padding_position=&#8221;all&#8221; background_color_opacity=&#8221;1&#8243; background_hover_color_opacity=&#8221;1&#8243; column_link_target=&#8221;_self&#8221; column_shadow=&#8221;none&#8221; column_border_radius=&#8221;none&#8221; width=&#8221;1\/3&#8243; tablet_width_inherit=&#8221;default&#8221; tablet_text_alignment=&#8221;default&#8221; phone_text_alignment=&#8221;default&#8221; overlay_strength=&#8221;0.3&#8243; column_border_width=&#8221;none&#8221; column_border_style=&#8221;solid&#8221; bg_image_animation=&#8221;none&#8221;][vc_custom_heading text=&#8221;Domenica<br \/>\n10 novembre<br \/>\n15:00-16:00&#8243; font_container=&#8221;tag:h2|text_align:left|color:%232dc8e1&#8243; use_theme_fonts=&#8221;yes&#8221;][\/vc_column][\/vc_row][vc_row type=&#8221;in_container&#8221; full_screen_row_position=&#8221;middle&#8221; column_margin=&#8221;default&#8221; scene_position=&#8221;center&#8221; text_color=&#8221;dark&#8221; text_align=&#8221;left&#8221; top_padding=&#8221;2.5%&#8221; bottom_padding=&#8221;2.5%&#8221; overlay_strength=&#8221;0.3&#8243; shape_divider_position=&#8221;bottom&#8221; bg_image_animation=&#8221;none&#8221; parallax_bg=&#8221;true&#8221; parallax_bg_speed=&#8221;fast&#8221; shape_type=&#8221;&#8221;][vc_column column_padding=&#8221;no-extra-padding&#8221; column_padding_position=&#8221;all&#8221; background_color_opacity=&#8221;1&#8243; background_hover_color_opacity=&#8221;1&#8243; column_link_target=&#8221;_self&#8221; column_shadow=&#8221;none&#8221; column_border_radius=&#8221;none&#8221; width=&#8221;1\/3&#8243; tablet_width_inherit=&#8221;default&#8221; tablet_text_alignment=&#8221;default&#8221; phone_text_alignment=&#8221;default&#8221; overlay_strength=&#8221;0.3&#8243; column_border_width=&#8221;none&#8221; column_border_style=&#8221;solid&#8221; bg_image_animation=&#8221;none&#8221;][image_with_animation image_url=&#8221;6756&#8243; alignment=&#8221;center&#8221; animation=&#8221;None&#8221; hover_animation=&#8221;none&#8221; border_radius=&#8221;none&#8221; box_shadow=&#8221;none&#8221; image_loading=&#8221;default&#8221; max_width=&#8221;110%&#8221; max_width_mobile=&#8221;default&#8221;][\/vc_column][vc_column column_padding=&#8221;no-extra-padding&#8221; column_padding_position=&#8221;all&#8221; background_color_opacity=&#8221;1&#8243; background_hover_color_opacity=&#8221;1&#8243; column_link_target=&#8221;_self&#8221; column_shadow=&#8221;none&#8221; column_border_radius=&#8221;none&#8221; width=&#8221;1\/3&#8243; tablet_width_inherit=&#8221;default&#8221; tablet_text_alignment=&#8221;default&#8221; phone_text_alignment=&#8221;default&#8221; overlay_strength=&#8221;0.3&#8243; column_border_width=&#8221;none&#8221; column_border_style=&#8221;solid&#8221; bg_image_animation=&#8221;none&#8221;][image_with_animation image_url=&#8221;6754&#8243; alignment=&#8221;center&#8221; animation=&#8221;None&#8221; hover_animation=&#8221;none&#8221; border_radius=&#8221;none&#8221; box_shadow=&#8221;none&#8221; image_loading=&#8221;default&#8221; max_width=&#8221;110%&#8221; max_width_mobile=&#8221;default&#8221;][\/vc_column][vc_column column_padding=&#8221;no-extra-padding&#8221; column_padding_position=&#8221;all&#8221; background_color_opacity=&#8221;1&#8243; background_hover_color_opacity=&#8221;1&#8243; column_link_target=&#8221;_self&#8221; column_shadow=&#8221;none&#8221; column_border_radius=&#8221;none&#8221; width=&#8221;1\/3&#8243; tablet_width_inherit=&#8221;default&#8221; tablet_text_alignment=&#8221;default&#8221; phone_text_alignment=&#8221;default&#8221; overlay_strength=&#8221;0.3&#8243; column_border_width=&#8221;none&#8221; column_border_style=&#8221;solid&#8221; bg_image_animation=&#8221;none&#8221;][image_with_animation image_url=&#8221;6752&#8243; alignment=&#8221;center&#8221; animation=&#8221;None&#8221; hover_animation=&#8221;none&#8221; border_radius=&#8221;none&#8221; box_shadow=&#8221;none&#8221; image_loading=&#8221;default&#8221; max_width=&#8221;110%&#8221; max_width_mobile=&#8221;default&#8221;][\/vc_column][\/vc_row][vc_row type=&#8221;in_container&#8221; full_screen_row_position=&#8221;middle&#8221; column_margin=&#8221;default&#8221; scene_position=&#8221;center&#8221; text_color=&#8221;dark&#8221; text_align=&#8221;left&#8221; top_padding=&#8221;40&#8243; overlay_strength=&#8221;0.3&#8243; shape_divider_position=&#8221;bottom&#8221; bg_image_animation=&#8221;none&#8221; shape_type=&#8221;&#8221;][vc_column column_padding=&#8221;no-extra-padding&#8221; column_padding_position=&#8221;all&#8221; background_color_opacity=&#8221;1&#8243; background_hover_color_opacity=&#8221;1&#8243; column_link_target=&#8221;_self&#8221; column_shadow=&#8221;none&#8221; column_border_radius=&#8221;none&#8221; width=&#8221;1\/1&#8243; tablet_width_inherit=&#8221;default&#8221; tablet_text_alignment=&#8221;default&#8221; phone_text_alignment=&#8221;default&#8221; overlay_strength=&#8221;0.3&#8243; column_border_width=&#8221;none&#8221; column_border_style=&#8221;solid&#8221; bg_image_animation=&#8221;none&#8221;][vc_column_text]Andrea Rauch ha disegnato manifesti, progettato mostre e illustrato libri. Ha disegnato grafica per istituzioni quali la Biennale di Venezia, il Centre Georges Pompidou, l&#8217;Unione dei Teatri d&#8217;Europa, Greenpeace e Unicef. Cofondatore dello studio di progettazioni visive Graphiti (Firenze, 1983-1993), tra il 1975 e il 1989 ha partecipato, insieme al socio Stefano Rovai, al movimento Grafica di pubblica utilit\u00e0. Nella sua carriera professionale Rauch ha disegnato pi\u00f9 di 700 manifesti che fanno parte delle collezioni del MoMA di New York, del Mus\u00e9e de la Publicit\u00e9 di Parigi e del Museum f\u00fcr Gestaltung di Zurigo.Ha insegnato Grafica presso il Corso di Laurea in Scienze della Comunicazione dell&#8217;Universit\u00e0 di Siena e Storia della Grafica all&#8217;Istituto Europeo di Design di Firenze.[\/vc_column_text][\/vc_column][\/vc_row]\n","protected":false},"excerpt":{"rendered":"<p>[vc_row type=&#8221;in_container&#8221; full_screen_row_position=&#8221;middle&#8221; column_margin=&#8221;default&#8221; scene_position=&#8221;center&#8221; text_color=&#8221;dark&#8221; text_align=&#8221;left&#8221; overlay_strength=&#8221;0.3&#8243; shape_divider_position=&#8221;bottom&#8221; bg_image_animation=&#8221;none&#8221;][vc_column column_padding=&#8221;no-extra-padding&#8221; column_padding_position=&#8221;all&#8221; background_color_opacity=&#8221;1&#8243; background_hover_color_opacity=&#8221;1&#8243; column_link_target=&#8221;_self&#8221; column_shadow=&#8221;none&#8221; column_border_radius=&#8221;none&#8221; width=&#8221;2\/3&#8243; tablet_width_inherit=&#8221;default&#8221; tablet_text_alignment=&#8221;default&#8221; phone_text_alignment=&#8221;default&#8221; overlay_strength=&#8221;0.3&#8243; column_border_width=&#8221;none&#8221; column_border_style=&#8221;solid&#8221; bg_image_animation=&#8221;none&#8221;][vc_custom_heading text=&#8221;Il Racconto dell\u2019Illustrazione&#8221; font_container=&#8221;tag:h2|text_align:left|color:%23f572a8&#8243; use_theme_fonts=&#8221;yes&#8221;&#8230;<\/p>\n","protected":false},"author":3,"featured_media":6750,"comment_status":"closed","ping_status":"closed","sticky":false,"template":"","format":"standard","meta":{"nf_dc_page":"","footnotes":""},"categories":[41],"tags":[],"class_list":{"0":"post-6748","1":"post","2":"type-post","3":"status-publish","4":"format-standard","5":"has-post-thumbnail","7":"category-presentation-2"},"jetpack_featured_media_url":"https:\/\/whyfestival.com\/wp-content\/uploads\/2019\/11\/rauch.jpg","_links":{"self":[{"href":"https:\/\/whyfestival.com\/it\/wp-json\/wp\/v2\/posts\/6748","targetHints":{"allow":["GET"]}}],"collection":[{"href":"https:\/\/whyfestival.com\/it\/wp-json\/wp\/v2\/posts"}],"about":[{"href":"https:\/\/whyfestival.com\/it\/wp-json\/wp\/v2\/types\/post"}],"author":[{"embeddable":true,"href":"https:\/\/whyfestival.com\/it\/wp-json\/wp\/v2\/users\/3"}],"replies":[{"embeddable":true,"href":"https:\/\/whyfestival.com\/it\/wp-json\/wp\/v2\/comments?post=6748"}],"version-history":[{"count":2,"href":"https:\/\/whyfestival.com\/it\/wp-json\/wp\/v2\/posts\/6748\/revisions"}],"predecessor-version":[{"id":6759,"href":"https:\/\/whyfestival.com\/it\/wp-json\/wp\/v2\/posts\/6748\/revisions\/6759"}],"wp:featuredmedia":[{"embeddable":true,"href":"https:\/\/whyfestival.com\/it\/wp-json\/wp\/v2\/media\/6750"}],"wp:attachment":[{"href":"https:\/\/whyfestival.com\/it\/wp-json\/wp\/v2\/media?parent=6748"}],"wp:term":[{"taxonomy":"category","embeddable":true,"href":"https:\/\/whyfestival.com\/it\/wp-json\/wp\/v2\/categories?post=6748"},{"taxonomy":"post_tag","embeddable":true,"href":"https:\/\/whyfestival.com\/it\/wp-json\/wp\/v2\/tags?post=6748"}],"curies":[{"name":"wp","href":"https:\/\/api.w.org\/{rel}","templated":true}]}}